{"id":3183,"date":"2022-07-05T16:56:00","date_gmt":"2022-07-05T15:56:00","guid":{"rendered":"https:\/\/mallorcafootballcup.com\/news\/we-already-have-the-winners-of-the-first-edition-of-the-mifc-vicente-del-bosque\/"},"modified":"2022-09-10T07:54:02","modified_gmt":"2022-09-10T06:54:02","slug":"we-already-have-the-winners-of-the-first-edition-of-the-mifc-vicente-del-bosque","status":"publish","type":"post","link":"https:\/\/mallorcafootballcup.com\/en\/news\/we-already-have-the-winners-of-the-first-edition-of-the-mifc-vicente-del-bosque\/","title":{"rendered":"We already have the winners of the first edition of the MIFC VICENTE DEL BOSQUE"},"content":{"rendered":"\n<p>On Friday afternoon the final of the Legends category was played, in which R. Mallorca defeated At Baleares 2-0, with Santa Ponsa in third place, defeating San Francisco 4-2.<\/p>\n\n<p>The rest of the finals were played on Saturday morning. In the U11 fry, in a disputed final, Vicente Del Bosque Football Academy beat Alar\u00f3 by a tight 1-0, leaving Sp. Ciutat de Palma third after defeating Acatec in the penalty shootout, after finishing the match 2-2, fifth was San Francisco who defeated Fc Laveno Italia in the penalty shootout, after finishing the match 0-0, the seventh place was for Mallorca C FF who won in the penalty shootout against Vicente Del Bosque Football Academy F C B after finishing 2-2.<\/p>\n\n<p>The champion in U12 fry was Acatec who defeated Poblense 3-0 in the final; third place went to Vicente Del Bosque Football Academy who defeated Montaura 2-0; fifth place went to Penya Arrabal after defeating San Francisco in the penalty shootout after finishing tied at two; seventh place went to Es Pla who, after a 0-0 draw with Santany\u00ed, won the penalty shootout.<\/p>\n\n<p>Moving on to the children followed the same trend and Penya Arrabal won the championship in the penalty shootout after a 1-1 draw with San Francisco; La Salle, who beat At Baleares reached the third place, the fifth was for Acatec who won the penalty shootout against Son Caliu after finishing 1-1, same result as the match between Cide and Sporting Ciutat de Palma, taking the penalty shootout the collegiate team.<\/p>\n\n<p>The classification in women&#8217;s futsal was as follows: 1st Asociaci\u00f3n Igualdad, 2nd Juan \u00c1vila II, 3rd Juan \u00c1vila I, 4th San Roque, 5th Manacor Fisiomedia and 6th Son Oliva.<\/p>\n\n<p>As for the alev\u00edn category: La Salle Pont d&#8217;Inca won in the penalty shootout against Viva Sports, after finishing 1-1. 3rd Montesi\u00f3n A, 4th Juan de \u00c1vila, 5th Inter Movistar, 6th Betis Futsal, 7th Montesi\u00f3n B, 8th Urbanitzacions, 9th Palma Futsal and 10th Son Oliva.<\/p>\n\n<p>Finally, in the children&#8217;s category, Betis Futsal defeated Viva Sports 2-1, finishing 3rd Son Oliva, 4th Inter Movistar and 5th Montesi\u00f3n.<\/p>\n\n<p>Maties Adrover for F\u00fatbol Balear.<br\/>Photos by Toni Moy\u00e0 for F\u00fatbol Balear.<\/p>\n\n<figure class=\"wp-block-gallery has-nested-images columns-default is-cropped wp-block-gallery-1 is-layout-flex wp-block-gallery-is-layout-flex\">\n<figure class=\"wp-block-image size-large\"><img loading=\"lazy\" decoding=\"async\" width=\"1024\" height=\"683\" data-id=\"2900\" src=\"https:\/\/mallorcafootballcup.com\/wp-content\/uploads\/2022\/08\/Resum_torneo_01-1024x683.jpeg\" alt=\"\" class=\"wp-image-2900\" srcset=\"https:\/\/mallorcafootballcup.com\/wp-content\/uploads\/2022\/08\/Resum_torneo_01-980x653.jpeg 980w, https:\/\/mallorcafootballcup.com\/wp-content\/uploads\/2022\/08\/Resum_torneo_01-480x320.jpeg 480w\" sizes=\"(min-width: 0px) and (max-width: 480px) 480px, (min-width: 481px) and (max-width: 980px) 980px, (min-width: 981px) 1024px, 100vw\" \/><\/figure>\n\n\n<figure class=\"wp-block-image size-large\"><img loading=\"lazy\" decoding=\"async\" width=\"683\" height=\"1024\" data-id=\"2904\" src=\"https:\/\/mallorcafootballcup.com\/wp-content\/uploads\/2022\/08\/Resum_torneo_03-683x1024.jpeg\" alt=\"\" class=\"wp-image-2904\"\/><\/figure>\n\n\n<figure class=\"wp-block-image size-large\"><img loading=\"lazy\" decoding=\"async\" width=\"1024\" height=\"683\" data-id=\"2906\" src=\"https:\/\/mallorcafootballcup.com\/wp-content\/uploads\/2022\/08\/Resum_torneo_05-1024x683.jpeg\" alt=\"\" class=\"wp-image-2906\" srcset=\"https:\/\/mallorcafootballcup.com\/wp-content\/uploads\/2022\/08\/Resum_torneo_05-980x653.jpeg 980w, https:\/\/mallorcafootballcup.com\/wp-content\/uploads\/2022\/08\/Resum_torneo_05-480x320.jpeg 480w\" sizes=\"(min-width: 0px) and (max-width: 480px) 480px, (min-width: 481px) and (max-width: 980px) 980px, (min-width: 981px) 1024px, 100vw\" \/><\/figure>\n\n\n<figure class=\"wp-block-image size-large\"><img loading=\"lazy\" decoding=\"async\" width=\"1024\" height=\"732\" data-id=\"2914\" src=\"https:\/\/mallorcafootballcup.com\/wp-content\/uploads\/2022\/08\/Resum_torneo_07-1024x732.jpeg\" alt=\"\" class=\"wp-image-2914\" srcset=\"https:\/\/mallorcafootballcup.com\/wp-content\/uploads\/2022\/08\/Resum_torneo_07-980x701.jpeg 980w, https:\/\/mallorcafootballcup.com\/wp-content\/uploads\/2022\/08\/Resum_torneo_07-480x343.jpeg 480w\" sizes=\"(min-width: 0px) and (max-width: 480px) 480px, (min-width: 481px) and (max-width: 980px) 980px, (min-width: 981px) 1024px, 100vw\" \/><\/figure>\n\n\n<figure class=\"wp-block-image size-large\"><img loading=\"lazy\" decoding=\"async\" width=\"1024\" height=\"768\" data-id=\"2896\" src=\"https:\/\/mallorcafootballcup.com\/wp-content\/uploads\/2022\/08\/Resum_torneo_02-1024x768.jpg\" alt=\"\" class=\"wp-image-2896\" srcset=\"https:\/\/mallorcafootballcup.com\/wp-content\/uploads\/2022\/08\/Resum_torneo_02-980x735.jpg 980w, https:\/\/mallorcafootballcup.com\/wp-content\/uploads\/2022\/08\/Resum_torneo_02-480x360.jpg 480w\" sizes=\"(min-width: 0px) and (max-width: 480px) 480px, (min-width: 481px) and (max-width: 980px) 980px, (min-width: 981px) 1024px, 100vw\" \/><\/figure>\n\n\n<figure class=\"wp-block-image size-large\"><img loading=\"lazy\" decoding=\"async\" width=\"1024\" height=\"768\" data-id=\"2902\" src=\"https:\/\/mallorcafootballcup.com\/wp-content\/uploads\/2022\/08\/Resum_torneo_04-1024x768.jpg\" alt=\"\" class=\"wp-image-2902\" srcset=\"https:\/\/mallorcafootballcup.com\/wp-content\/uploads\/2022\/08\/Resum_torneo_04-980x735.jpg 980w, https:\/\/mallorcafootballcup.com\/wp-content\/uploads\/2022\/08\/Resum_torneo_04-480x360.jpg 480w\" sizes=\"(min-width: 0px) and (max-width: 480px) 480px, (min-width: 481px) and (max-width: 980px) 980px, (min-width: 981px) 1024px, 100vw\" \/><\/figure>\n\n\n<figure class=\"wp-block-image size-large\"><img loading=\"lazy\" decoding=\"async\" width=\"1024\" height=\"583\" data-id=\"2919\" src=\"https:\/\/mallorcafootballcup.com\/wp-content\/uploads\/2022\/08\/Resum_torneo_06-1024x583.jpg\" alt=\"\" class=\"wp-image-2919\" srcset=\"https:\/\/mallorcafootballcup.com\/wp-content\/uploads\/2022\/08\/Resum_torneo_06-980x558.jpg 980w, https:\/\/mallorcafootballcup.com\/wp-content\/uploads\/2022\/08\/Resum_torneo_06-480x273.jpg 480w\" sizes=\"(min-width: 0px) and (max-width: 480px) 480px, (min-width: 481px) and (max-width: 980px) 980px, (min-width: 981px) 1024px, 100vw\" \/><\/figure>\n\n\n<figure class=\"wp-block-image size-large\"><img loading=\"lazy\" decoding=\"async\" width=\"1024\" height=\"779\" data-id=\"2912\" src=\"https:\/\/mallorcafootballcup.com\/wp-content\/uploads\/2022\/08\/Resum_torneo_08-1024x779.jpg\" alt=\"\" class=\"wp-image-2912\" srcset=\"https:\/\/mallorcafootballcup.com\/wp-content\/uploads\/2022\/08\/Resum_torneo_08-980x745.jpg 980w, https:\/\/mallorcafootballcup.com\/wp-content\/uploads\/2022\/08\/Resum_torneo_08-480x365.jpg 480w\" sizes=\"(min-width: 0px) and (max-width: 480px) 480px, (min-width: 481px) and (max-width: 980px) 980px, (min-width: 981px) 1024px, 100vw\" \/><\/figure>\n\n\n<figure class=\"wp-block-image size-large\"><img loading=\"lazy\" decoding=\"async\" width=\"1024\" height=\"800\" data-id=\"2921\" src=\"https:\/\/mallorcafootballcup.com\/wp-content\/uploads\/2022\/08\/Resum_torneo_09-1024x800.jpg\" alt=\"\" class=\"wp-image-2921\" srcset=\"https:\/\/mallorcafootballcup.com\/wp-content\/uploads\/2022\/08\/Resum_torneo_09-980x766.jpg 980w, https:\/\/mallorcafootballcup.com\/wp-content\/uploads\/2022\/08\/Resum_torneo_09-480x375.jpg 480w\" sizes=\"(min-width: 0px) and (max-width: 480px) 480px, (min-width: 481px) and (max-width: 980px) 980px, (min-width: 981px) 1024px, 100vw\" \/><\/figure>\n\n\n<figure class=\"wp-block-image size-large\"><img loading=\"lazy\" decoding=\"async\" width=\"1024\" height=\"486\" data-id=\"2923\" src=\"https:\/\/mallorcafootballcup.com\/wp-content\/uploads\/2022\/08\/Resum_torneo_10-1024x486.jpg\" alt=\"\" class=\"wp-image-2923\" srcset=\"https:\/\/mallorcafootballcup.com\/wp-content\/uploads\/2022\/08\/Resum_torneo_10-980x466.jpg 980w, https:\/\/mallorcafootballcup.com\/wp-content\/uploads\/2022\/08\/Resum_torneo_10-480x228.jpg 480w\" sizes=\"(min-width: 0px) and (max-width: 480px) 480px, (min-width: 481px) and (max-width: 980px) 980px, (min-width: 981px) 1024px, 100vw\" \/><\/figure>\n\n\n<figure class=\"wp-block-image size-large\"><img loading=\"lazy\" decoding=\"async\" width=\"1024\" height=\"668\" data-id=\"2916\" src=\"https:\/\/mallorcafootballcup.com\/wp-content\/uploads\/2022\/08\/Resum_torneo_11-1024x668.jpg\" alt=\"\" class=\"wp-image-2916\" srcset=\"https:\/\/mallorcafootballcup.com\/wp-content\/uploads\/2022\/08\/Resum_torneo_11-980x639.jpg 980w, https:\/\/mallorcafootballcup.com\/wp-content\/uploads\/2022\/08\/Resum_torneo_11-480x313.jpg 480w\" sizes=\"(min-width: 0px) and (max-width: 480px) 480px, (min-width: 481px) and (max-width: 980px) 980px, (min-width: 981px) 1024px, 100vw\" \/><\/figure>\n\n\n<figure class=\"wp-block-image size-large\"><img loading=\"lazy\" decoding=\"async\" width=\"1024\" height=\"768\" data-id=\"2908\" src=\"https:\/\/mallorcafootballcup.com\/wp-content\/uploads\/2022\/08\/Resum_torneo_12-1024x768.jpg\" alt=\"\" class=\"wp-image-2908\" srcset=\"https:\/\/mallorcafootballcup.com\/wp-content\/uploads\/2022\/08\/Resum_torneo_12-980x735.jpg 980w, https:\/\/mallorcafootballcup.com\/wp-content\/uploads\/2022\/08\/Resum_torneo_12-480x360.jpg 480w\" sizes=\"(min-width: 0px) and (max-width: 480px) 480px, (min-width: 481px) and (max-width: 980px) 980px, (min-width: 981px) 1024px, 100vw\" \/><\/figure>\n\n\n<figure class=\"wp-block-image size-large\"><img loading=\"lazy\" decoding=\"async\" width=\"1024\" height=\"768\" data-id=\"2898\" src=\"https:\/\/mallorcafootballcup.com\/wp-content\/uploads\/2022\/08\/Resum_torneo_13-1024x768.jpg\" alt=\"\" class=\"wp-image-2898\" srcset=\"https:\/\/mallorcafootballcup.com\/wp-content\/uploads\/2022\/08\/Resum_torneo_13-980x735.jpg 980w, https:\/\/mallorcafootballcup.com\/wp-content\/uploads\/2022\/08\/Resum_torneo_13-480x360.jpg 480w\" sizes=\"(min-width: 0px) and (max-width: 480px) 480px, (min-width: 481px) and (max-width: 980px) 980px, (min-width: 981px) 1024px, 100vw\" \/><\/figure>\n\n\n<figure class=\"wp-block-image size-large\"><img loading=\"lazy\" decoding=\"async\" width=\"1024\" height=\"768\" data-id=\"2910\" src=\"https:\/\/mallorcafootballcup.com\/wp-content\/uploads\/2022\/08\/Resum_torneo_14-1024x768.jpg\" alt=\"\" class=\"wp-image-2910\" srcset=\"https:\/\/mallorcafootballcup.com\/wp-content\/uploads\/2022\/08\/Resum_torneo_14-980x735.jpg 980w, https:\/\/mallorcafootballcup.com\/wp-content\/uploads\/2022\/08\/Resum_torneo_14-480x360.jpg 480w\" sizes=\"(min-width: 0px) and (max-width: 480px) 480px, (min-width: 481px) and (max-width: 980px) 980px, (min-width: 981px) 1024px, 100vw\" \/><\/figure>\n\n\n<figure class=\"wp-block-image size-large\"><img loading=\"lazy\" decoding=\"async\" width=\"472\" height=\"1024\" data-id=\"2892\" src=\"https:\/\/mallorcafootballcup.com\/wp-content\/uploads\/2022\/08\/Resum_torneo_15-472x1024.jpg\" alt=\"\" class=\"wp-image-2892\"\/><\/figure>\n\n\n<figure class=\"wp-block-image size-large\"><img loading=\"lazy\" decoding=\"async\" width=\"1024\" height=\"768\" data-id=\"2894\" src=\"https:\/\/mallorcafootballcup.com\/wp-content\/uploads\/2022\/08\/Resum_torneo_16-1024x768.jpg\" alt=\"\" class=\"wp-image-2894\" srcset=\"https:\/\/mallorcafootballcup.com\/wp-content\/uploads\/2022\/08\/Resum_torneo_16-980x735.jpg 980w, https:\/\/mallorcafootballcup.com\/wp-content\/uploads\/2022\/08\/Resum_torneo_16-480x360.jpg 480w\" sizes=\"(min-width: 0px) and (max-width: 480px) 480px, (min-width: 481px) and (max-width: 980px) 980px, (min-width: 981px) 1024px, 100vw\" \/><\/figure><\/figure>\n","protected":false},"excerpt":{"rendered":"<p>On Friday afternoon the final of the Legends category was played, in which R. Mallorca defeated At Baleares 2-0, with Santa Ponsa in third place, defeating San Francisco 4-2. The rest of the finals were played on Saturday morning. In the U11 fry, in a disputed final, Vicente Del Bosque Football Academy beat Alar\u00f3 by [&hellip;]<\/p>\n","protected":false},"author":1,"featured_media":2926,"comment_status":"closed","ping_status":"closed","sticky":false,"template":"","format":"standard","meta":{"_et_pb_use_builder":"","_et_pb_old_content":"","_et_gb_content_width":"","ngg_post_thumbnail":0,"footnotes":""},"categories":[33],"tags":[],"class_list":["post-3183","post","type-post","status-publish","format-standard","has-post-thumbnail","hentry","category-news"],"yoast_head":"<!-- This site is optimized with the Yoast SEO plugin v27.4 - https:\/\/yoast.com\/product\/yoast-seo-wordpress\/ -->\n<title>We already have the winners of the first edition of the MIFC VICENTE DEL BOSQUE - Mallorca International Football Cup<\/title>\n<meta name=\"robots\" content=\"index, follow, max-snippet:-1, max-image-preview:large, max-video-preview:-1\" \/>\n<link rel=\"canonical\" href=\"https:\/\/mallorcafootballcup.com\/en\/news\/we-already-have-the-winners-of-the-first-edition-of-the-mifc-vicente-del-bosque\/\" \/>\n<meta property=\"og:locale\" content=\"en_US\" \/>\n<meta property=\"og:type\" content=\"article\" \/>\n<meta property=\"og:title\" content=\"We already have the winners of the first edition of the MIFC VICENTE DEL BOSQUE - Mallorca International Football Cup\" \/>\n<meta property=\"og:description\" content=\"On Friday afternoon the final of the Legends category was played, in which R. Mallorca defeated At Baleares 2-0, with Santa Ponsa in third place, defeating San Francisco 4-2. The rest of the finals were played on Saturday morning. In the U11 fry, in a disputed final, Vicente Del Bosque Football Academy beat Alar\u00f3 by [&hellip;]\" \/>\n<meta property=\"og:url\" content=\"https:\/\/mallorcafootballcup.com\/en\/news\/we-already-have-the-winners-of-the-first-edition-of-the-mifc-vicente-del-bosque\/\" \/>\n<meta property=\"og:site_name\" content=\"Mallorca International Football Cup\" \/>\n<meta property=\"article:publisher\" content=\"https:\/\/www.facebook.com\/MallorcaInternationalFooballCup\/\" \/>\n<meta property=\"article:published_time\" content=\"2022-07-05T15:56:00+00:00\" \/>\n<meta property=\"article:modified_time\" content=\"2022-09-10T06:54:02+00:00\" \/>\n<meta property=\"og:image\" content=\"https:\/\/mallorcafootballcup.com\/wp-content\/uploads\/2022\/08\/resum_torneo.jpg\" \/>\n\t<meta property=\"og:image:width\" content=\"300\" \/>\n\t<meta property=\"og:image:height\" content=\"135\" \/>\n\t<meta property=\"og:image:type\" content=\"image\/jpeg\" \/>\n<meta name=\"author\" content=\"admin\" \/>\n<meta name=\"twitter:card\" content=\"summary_large_image\" \/>\n<meta name=\"twitter:creator\" content=\"@MallorcaIFCup\" \/>\n<meta name=\"twitter:site\" content=\"@MallorcaIFCup\" \/>\n<meta name=\"twitter:label1\" content=\"Written by\" \/>\n\t<meta name=\"twitter:data1\" content=\"admin\" \/>\n\t<meta name=\"twitter:label2\" content=\"Est. reading time\" \/>\n\t<meta name=\"twitter:data2\" content=\"2 minutes\" \/>\n<script type=\"application\/ld+json\" class=\"yoast-schema-graph\">{\"@context\":\"https:\\\/\\\/schema.org\",\"@graph\":[{\"@type\":\"Article\",\"@id\":\"https:\\\/\\\/mallorcafootballcup.com\\\/en\\\/news\\\/we-already-have-the-winners-of-the-first-edition-of-the-mifc-vicente-del-bosque\\\/#article\",\"isPartOf\":{\"@id\":\"https:\\\/\\\/mallorcafootballcup.com\\\/en\\\/news\\\/we-already-have-the-winners-of-the-first-edition-of-the-mifc-vicente-del-bosque\\\/\"},\"author\":{\"name\":\"admin\",\"@id\":\"https:\\\/\\\/mallorcafootballcup.com\\\/en\\\/#\\\/schema\\\/person\\\/9ddf1881977ab879267ed9d4f438f381\"},\"headline\":\"We already have the winners of the first edition of the MIFC VICENTE DEL BOSQUE\",\"datePublished\":\"2022-07-05T15:56:00+00:00\",\"dateModified\":\"2022-09-10T06:54:02+00:00\",\"mainEntityOfPage\":{\"@id\":\"https:\\\/\\\/mallorcafootballcup.com\\\/en\\\/news\\\/we-already-have-the-winners-of-the-first-edition-of-the-mifc-vicente-del-bosque\\\/\"},\"wordCount\":386,\"publisher\":{\"@id\":\"https:\\\/\\\/mallorcafootballcup.com\\\/en\\\/#organization\"},\"image\":{\"@id\":\"https:\\\/\\\/mallorcafootballcup.com\\\/en\\\/news\\\/we-already-have-the-winners-of-the-first-edition-of-the-mifc-vicente-del-bosque\\\/#primaryimage\"},\"thumbnailUrl\":\"https:\\\/\\\/mallorcafootballcup.com\\\/wp-content\\\/uploads\\\/2022\\\/08\\\/resum_torneo.jpg\",\"articleSection\":[\"News\"],\"inLanguage\":\"en-US\"},{\"@type\":\"WebPage\",\"@id\":\"https:\\\/\\\/mallorcafootballcup.com\\\/en\\\/news\\\/we-already-have-the-winners-of-the-first-edition-of-the-mifc-vicente-del-bosque\\\/\",\"url\":\"https:\\\/\\\/mallorcafootballcup.com\\\/en\\\/news\\\/we-already-have-the-winners-of-the-first-edition-of-the-mifc-vicente-del-bosque\\\/\",\"name\":\"We already have the winners of the first edition of the MIFC VICENTE DEL BOSQUE - Mallorca International Football Cup\",\"isPartOf\":{\"@id\":\"https:\\\/\\\/mallorcafootballcup.com\\\/en\\\/#website\"},\"primaryImageOfPage\":{\"@id\":\"https:\\\/\\\/mallorcafootballcup.com\\\/en\\\/news\\\/we-already-have-the-winners-of-the-first-edition-of-the-mifc-vicente-del-bosque\\\/#primaryimage\"},\"image\":{\"@id\":\"https:\\\/\\\/mallorcafootballcup.com\\\/en\\\/news\\\/we-already-have-the-winners-of-the-first-edition-of-the-mifc-vicente-del-bosque\\\/#primaryimage\"},\"thumbnailUrl\":\"https:\\\/\\\/mallorcafootballcup.com\\\/wp-content\\\/uploads\\\/2022\\\/08\\\/resum_torneo.jpg\",\"datePublished\":\"2022-07-05T15:56:00+00:00\",\"dateModified\":\"2022-09-10T06:54:02+00:00\",\"breadcrumb\":{\"@id\":\"https:\\\/\\\/mallorcafootballcup.com\\\/en\\\/news\\\/we-already-have-the-winners-of-the-first-edition-of-the-mifc-vicente-del-bosque\\\/#breadcrumb\"},\"inLanguage\":\"en-US\",\"potentialAction\":[{\"@type\":\"ReadAction\",\"target\":[\"https:\\\/\\\/mallorcafootballcup.com\\\/en\\\/news\\\/we-already-have-the-winners-of-the-first-edition-of-the-mifc-vicente-del-bosque\\\/\"]}]},{\"@type\":\"ImageObject\",\"inLanguage\":\"en-US\",\"@id\":\"https:\\\/\\\/mallorcafootballcup.com\\\/en\\\/news\\\/we-already-have-the-winners-of-the-first-edition-of-the-mifc-vicente-del-bosque\\\/#primaryimage\",\"url\":\"https:\\\/\\\/mallorcafootballcup.com\\\/wp-content\\\/uploads\\\/2022\\\/08\\\/resum_torneo.jpg\",\"contentUrl\":\"https:\\\/\\\/mallorcafootballcup.com\\\/wp-content\\\/uploads\\\/2022\\\/08\\\/resum_torneo.jpg\",\"width\":300,\"height\":135},{\"@type\":\"BreadcrumbList\",\"@id\":\"https:\\\/\\\/mallorcafootballcup.com\\\/en\\\/news\\\/we-already-have-the-winners-of-the-first-edition-of-the-mifc-vicente-del-bosque\\\/#breadcrumb\",\"itemListElement\":[{\"@type\":\"ListItem\",\"position\":1,\"name\":\"Portada\",\"item\":\"https:\\\/\\\/mallorcafootballcup.com\\\/en\\\/mallorca-international-football-cup\\\/\"},{\"@type\":\"ListItem\",\"position\":2,\"name\":\"We already have the winners of the first edition of the MIFC VICENTE DEL BOSQUE\"}]},{\"@type\":\"WebSite\",\"@id\":\"https:\\\/\\\/mallorcafootballcup.com\\\/en\\\/#website\",\"url\":\"https:\\\/\\\/mallorcafootballcup.com\\\/en\\\/\",\"name\":\"Mallorca International Football Cup\",\"description\":\"Evento deportivo organizado por Vicente del Bosque Football Academy\",\"publisher\":{\"@id\":\"https:\\\/\\\/mallorcafootballcup.com\\\/en\\\/#organization\"},\"potentialAction\":[{\"@type\":\"SearchAction\",\"target\":{\"@type\":\"EntryPoint\",\"urlTemplate\":\"https:\\\/\\\/mallorcafootballcup.com\\\/en\\\/?s={search_term_string}\"},\"query-input\":{\"@type\":\"PropertyValueSpecification\",\"valueRequired\":true,\"valueName\":\"search_term_string\"}}],\"inLanguage\":\"en-US\"},{\"@type\":\"Organization\",\"@id\":\"https:\\\/\\\/mallorcafootballcup.com\\\/en\\\/#organization\",\"name\":\"Mallorca International Football Cup\",\"url\":\"https:\\\/\\\/mallorcafootballcup.com\\\/en\\\/\",\"logo\":{\"@type\":\"ImageObject\",\"inLanguage\":\"en-US\",\"@id\":\"https:\\\/\\\/mallorcafootballcup.com\\\/en\\\/#\\\/schema\\\/logo\\\/image\\\/\",\"url\":\"https:\\\/\\\/mallorcafootballcup.com\\\/wp-content\\\/uploads\\\/2021\\\/12\\\/Logo_MIFC.png\",\"contentUrl\":\"https:\\\/\\\/mallorcafootballcup.com\\\/wp-content\\\/uploads\\\/2021\\\/12\\\/Logo_MIFC.png\",\"width\":738,\"height\":300,\"caption\":\"Mallorca International Football Cup\"},\"image\":{\"@id\":\"https:\\\/\\\/mallorcafootballcup.com\\\/en\\\/#\\\/schema\\\/logo\\\/image\\\/\"},\"sameAs\":[\"https:\\\/\\\/www.facebook.com\\\/MallorcaInternationalFooballCup\\\/\",\"https:\\\/\\\/x.com\\\/MallorcaIFCup\",\"https:\\\/\\\/www.instagram.com\\\/mallorcafootballcup\",\"https:\\\/\\\/www.linkedin.com\\\/company\\\/mallorca-international-football-cup\"]},{\"@type\":\"Person\",\"@id\":\"https:\\\/\\\/mallorcafootballcup.com\\\/en\\\/#\\\/schema\\\/person\\\/9ddf1881977ab879267ed9d4f438f381\",\"name\":\"admin\",\"image\":{\"@type\":\"ImageObject\",\"inLanguage\":\"en-US\",\"@id\":\"https:\\\/\\\/secure.gravatar.com\\\/avatar\\\/40babead1b053e2b7eee77e8fdbfbc4bd1926ef2741a5904047e37293dd1c9aa?s=96&d=mm&r=g\",\"url\":\"https:\\\/\\\/secure.gravatar.com\\\/avatar\\\/40babead1b053e2b7eee77e8fdbfbc4bd1926ef2741a5904047e37293dd1c9aa?s=96&d=mm&r=g\",\"contentUrl\":\"https:\\\/\\\/secure.gravatar.com\\\/avatar\\\/40babead1b053e2b7eee77e8fdbfbc4bd1926ef2741a5904047e37293dd1c9aa?s=96&d=mm&r=g\",\"caption\":\"admin\"},\"sameAs\":[\"https:\\\/\\\/mallorcafootballcup.com\"],\"url\":\"https:\\\/\\\/mallorcafootballcup.com\\\/en\\\/author\\\/soporte\\\/\"}]}<\/script>\n<!-- \/ Yoast SEO plugin. -->","yoast_head_json":{"title":"We already have the winners of the first edition of the MIFC VICENTE DEL BOSQUE - Mallorca International Football Cup","robots":{"index":"index","follow":"follow","max-snippet":"max-snippet:-1","max-image-preview":"max-image-preview:large","max-video-preview":"max-video-preview:-1"},"canonical":"https:\/\/mallorcafootballcup.com\/en\/news\/we-already-have-the-winners-of-the-first-edition-of-the-mifc-vicente-del-bosque\/","og_locale":"en_US","og_type":"article","og_title":"We already have the winners of the first edition of the MIFC VICENTE DEL BOSQUE - Mallorca International Football Cup","og_description":"On Friday afternoon the final of the Legends category was played, in which R. Mallorca defeated At Baleares 2-0, with Santa Ponsa in third place, defeating San Francisco 4-2. The rest of the finals were played on Saturday morning. In the U11 fry, in a disputed final, Vicente Del Bosque Football Academy beat Alar\u00f3 by [&hellip;]","og_url":"https:\/\/mallorcafootballcup.com\/en\/news\/we-already-have-the-winners-of-the-first-edition-of-the-mifc-vicente-del-bosque\/","og_site_name":"Mallorca International Football Cup","article_publisher":"https:\/\/www.facebook.com\/MallorcaInternationalFooballCup\/","article_published_time":"2022-07-05T15:56:00+00:00","article_modified_time":"2022-09-10T06:54:02+00:00","og_image":[{"width":300,"height":135,"url":"https:\/\/mallorcafootballcup.com\/wp-content\/uploads\/2022\/08\/resum_torneo.jpg","type":"image\/jpeg"}],"author":"admin","twitter_card":"summary_large_image","twitter_creator":"@MallorcaIFCup","twitter_site":"@MallorcaIFCup","twitter_misc":{"Written by":"admin","Est. reading time":"2 minutes"},"schema":{"@context":"https:\/\/schema.org","@graph":[{"@type":"Article","@id":"https:\/\/mallorcafootballcup.com\/en\/news\/we-already-have-the-winners-of-the-first-edition-of-the-mifc-vicente-del-bosque\/#article","isPartOf":{"@id":"https:\/\/mallorcafootballcup.com\/en\/news\/we-already-have-the-winners-of-the-first-edition-of-the-mifc-vicente-del-bosque\/"},"author":{"name":"admin","@id":"https:\/\/mallorcafootballcup.com\/en\/#\/schema\/person\/9ddf1881977ab879267ed9d4f438f381"},"headline":"We already have the winners of the first edition of the MIFC VICENTE DEL BOSQUE","datePublished":"2022-07-05T15:56:00+00:00","dateModified":"2022-09-10T06:54:02+00:00","mainEntityOfPage":{"@id":"https:\/\/mallorcafootballcup.com\/en\/news\/we-already-have-the-winners-of-the-first-edition-of-the-mifc-vicente-del-bosque\/"},"wordCount":386,"publisher":{"@id":"https:\/\/mallorcafootballcup.com\/en\/#organization"},"image":{"@id":"https:\/\/mallorcafootballcup.com\/en\/news\/we-already-have-the-winners-of-the-first-edition-of-the-mifc-vicente-del-bosque\/#primaryimage"},"thumbnailUrl":"https:\/\/mallorcafootballcup.com\/wp-content\/uploads\/2022\/08\/resum_torneo.jpg","articleSection":["News"],"inLanguage":"en-US"},{"@type":"WebPage","@id":"https:\/\/mallorcafootballcup.com\/en\/news\/we-already-have-the-winners-of-the-first-edition-of-the-mifc-vicente-del-bosque\/","url":"https:\/\/mallorcafootballcup.com\/en\/news\/we-already-have-the-winners-of-the-first-edition-of-the-mifc-vicente-del-bosque\/","name":"We already have the winners of the first edition of the MIFC VICENTE DEL BOSQUE - Mallorca International Football Cup","isPartOf":{"@id":"https:\/\/mallorcafootballcup.com\/en\/#website"},"primaryImageOfPage":{"@id":"https:\/\/mallorcafootballcup.com\/en\/news\/we-already-have-the-winners-of-the-first-edition-of-the-mifc-vicente-del-bosque\/#primaryimage"},"image":{"@id":"https:\/\/mallorcafootballcup.com\/en\/news\/we-already-have-the-winners-of-the-first-edition-of-the-mifc-vicente-del-bosque\/#primaryimage"},"thumbnailUrl":"https:\/\/mallorcafootballcup.com\/wp-content\/uploads\/2022\/08\/resum_torneo.jpg","datePublished":"2022-07-05T15:56:00+00:00","dateModified":"2022-09-10T06:54:02+00:00","breadcrumb":{"@id":"https:\/\/mallorcafootballcup.com\/en\/news\/we-already-have-the-winners-of-the-first-edition-of-the-mifc-vicente-del-bosque\/#breadcrumb"},"inLanguage":"en-US","potentialAction":[{"@type":"ReadAction","target":["https:\/\/mallorcafootballcup.com\/en\/news\/we-already-have-the-winners-of-the-first-edition-of-the-mifc-vicente-del-bosque\/"]}]},{"@type":"ImageObject","inLanguage":"en-US","@id":"https:\/\/mallorcafootballcup.com\/en\/news\/we-already-have-the-winners-of-the-first-edition-of-the-mifc-vicente-del-bosque\/#primaryimage","url":"https:\/\/mallorcafootballcup.com\/wp-content\/uploads\/2022\/08\/resum_torneo.jpg","contentUrl":"https:\/\/mallorcafootballcup.com\/wp-content\/uploads\/2022\/08\/resum_torneo.jpg","width":300,"height":135},{"@type":"BreadcrumbList","@id":"https:\/\/mallorcafootballcup.com\/en\/news\/we-already-have-the-winners-of-the-first-edition-of-the-mifc-vicente-del-bosque\/#breadcrumb","itemListElement":[{"@type":"ListItem","position":1,"name":"Portada","item":"https:\/\/mallorcafootballcup.com\/en\/mallorca-international-football-cup\/"},{"@type":"ListItem","position":2,"name":"We already have the winners of the first edition of the MIFC VICENTE DEL BOSQUE"}]},{"@type":"WebSite","@id":"https:\/\/mallorcafootballcup.com\/en\/#website","url":"https:\/\/mallorcafootballcup.com\/en\/","name":"Mallorca International Football Cup","description":"Evento deportivo organizado por Vicente del Bosque Football Academy","publisher":{"@id":"https:\/\/mallorcafootballcup.com\/en\/#organization"},"potentialAction":[{"@type":"SearchAction","target":{"@type":"EntryPoint","urlTemplate":"https:\/\/mallorcafootballcup.com\/en\/?s={search_term_string}"},"query-input":{"@type":"PropertyValueSpecification","valueRequired":true,"valueName":"search_term_string"}}],"inLanguage":"en-US"},{"@type":"Organization","@id":"https:\/\/mallorcafootballcup.com\/en\/#organization","name":"Mallorca International Football Cup","url":"https:\/\/mallorcafootballcup.com\/en\/","logo":{"@type":"ImageObject","inLanguage":"en-US","@id":"https:\/\/mallorcafootballcup.com\/en\/#\/schema\/logo\/image\/","url":"https:\/\/mallorcafootballcup.com\/wp-content\/uploads\/2021\/12\/Logo_MIFC.png","contentUrl":"https:\/\/mallorcafootballcup.com\/wp-content\/uploads\/2021\/12\/Logo_MIFC.png","width":738,"height":300,"caption":"Mallorca International Football Cup"},"image":{"@id":"https:\/\/mallorcafootballcup.com\/en\/#\/schema\/logo\/image\/"},"sameAs":["https:\/\/www.facebook.com\/MallorcaInternationalFooballCup\/","https:\/\/x.com\/MallorcaIFCup","https:\/\/www.instagram.com\/mallorcafootballcup","https:\/\/www.linkedin.com\/company\/mallorca-international-football-cup"]},{"@type":"Person","@id":"https:\/\/mallorcafootballcup.com\/en\/#\/schema\/person\/9ddf1881977ab879267ed9d4f438f381","name":"admin","image":{"@type":"ImageObject","inLanguage":"en-US","@id":"https:\/\/secure.gravatar.com\/avatar\/40babead1b053e2b7eee77e8fdbfbc4bd1926ef2741a5904047e37293dd1c9aa?s=96&d=mm&r=g","url":"https:\/\/secure.gravatar.com\/avatar\/40babead1b053e2b7eee77e8fdbfbc4bd1926ef2741a5904047e37293dd1c9aa?s=96&d=mm&r=g","contentUrl":"https:\/\/secure.gravatar.com\/avatar\/40babead1b053e2b7eee77e8fdbfbc4bd1926ef2741a5904047e37293dd1c9aa?s=96&d=mm&r=g","caption":"admin"},"sameAs":["https:\/\/mallorcafootballcup.com"],"url":"https:\/\/mallorcafootballcup.com\/en\/author\/soporte\/"}]}},"_links":{"self":[{"href":"https:\/\/mallorcafootballcup.com\/en\/wp-json\/wp\/v2\/posts\/3183","targetHints":{"allow":["GET"]}}],"collection":[{"href":"https:\/\/mallorcafootballcup.com\/en\/wp-json\/wp\/v2\/posts"}],"about":[{"href":"https:\/\/mallorcafootballcup.com\/en\/wp-json\/wp\/v2\/types\/post"}],"author":[{"embeddable":true,"href":"https:\/\/mallorcafootballcup.com\/en\/wp-json\/wp\/v2\/users\/1"}],"replies":[{"embeddable":true,"href":"https:\/\/mallorcafootballcup.com\/en\/wp-json\/wp\/v2\/comments?post=3183"}],"version-history":[{"count":0,"href":"https:\/\/mallorcafootballcup.com\/en\/wp-json\/wp\/v2\/posts\/3183\/revisions"}],"wp:featuredmedia":[{"embeddable":true,"href":"https:\/\/mallorcafootballcup.com\/en\/wp-json\/wp\/v2\/media\/2926"}],"wp:attachment":[{"href":"https:\/\/mallorcafootballcup.com\/en\/wp-json\/wp\/v2\/media?parent=3183"}],"wp:term":[{"taxonomy":"category","embeddable":true,"href":"https:\/\/mallorcafootballcup.com\/en\/wp-json\/wp\/v2\/categories?post=3183"},{"taxonomy":"post_tag","embeddable":true,"href":"https:\/\/mallorcafootballcup.com\/en\/wp-json\/wp\/v2\/tags?post=3183"}],"curies":[{"name":"wp","href":"https:\/\/api.w.org\/{rel}","templated":true}]}}